{"id":24005,"date":"2018-10-15T18:57:46","date_gmt":"2018-10-15T18:57:46","guid":{"rendered":"https:\/\/swordgroupprod.wpengine.com\/2021\/08\/19\/ol-feminin-sword-partenaire-premium\/"},"modified":"2022-12-22T10:12:49","modified_gmt":"2022-12-22T10:12:49","slug":"ol-feminin-sword-partenaire-premium","status":"publish","type":"post","link":"https:\/\/www.sword-group.com\/fr\/2018\/10\/15\/ol-feminin-sword-partenaire-premium\/","title":{"rendered":"OL F\u00e9minin | Sword Partenaire Premium"},"content":{"rendered":"<div class=\"introduction_title\">\n<h2>Sword confirme son engagement dans le football f\u00e9minin<\/h2>\n<\/div>\n<div class=\"introduction_content\">En 2018, nous avons renouvel\u00e9 notre partenariat aupr\u00e8s de l&rsquo;<strong>OL F\u00e9minin<\/strong>. Notre logo est pr\u00e9sent sur la face avant du maillot de l&rsquo;<strong>UEFA Women&rsquo;s Champions League<\/strong> pour la <strong>saison 2018\/2019<\/strong>.<\/div>\n<p><strong>Partenaire Technologique<\/strong> du <a href=\"https:\/\/www.groupama-stadium.com\/nos-partenaires\/\" target=\"_blank\" rel=\"noopener\">Groupama Stadium<\/a> depuis juillet 2013, nous souhaitons plus que jamais nous\u00a0rapprocher de l\u2019\u00e9quipe f\u00e9minine.<\/p>\n<div>\n<p>Cette volont\u00e9 s\u2019inscrit logiquement dans\u00a0nos<b> valeurs<\/b> partag\u00e9es avec<b> l\u2019<a href=\"https:\/\/www.ol.fr\/fr-fr\/feminines#WomenStandingD1Signature_SeasonDisplayName=2018-19\" target=\"_blank\" rel=\"noopener\">Olympique Lyonnais<\/a><\/b>, telles que l\u2019<strong>innovation<\/strong>, la <strong>performance<\/strong> et la <strong>parit\u00e9<\/strong>, en s\u2019engageant naturellement sur le terrain sportif.<\/p>\n<div>\n<p>\u00c9galement pr\u00e9sent sur les\u00a0tenues de l\u2019\u00e9quipe f\u00e9minine en<b> Championnat<\/b>, nous b\u00e9n\u00e9ficions d\u2019une large visibilit\u00e9 sur le territoire national et \u00e0 l\u2019international en accompagnant une \u00e9quipe comp\u00e9titive au palmar\u00e8s exceptionnel. Sachant que 7 d&rsquo;entre elles sont s\u00e9lectionn\u00e9es pour le <a href=\"https:\/\/www.ol.fr\/fr-fr\/contenus\/articles\/2018\/10\/08\/ballon-dor-7-lyonnaises-nommees\" target=\"_blank\" rel=\"noopener\">Ballon d&rsquo;Or<\/a>.<\/p>\n<p>Retrouvez en images les diff\u00e9rentes victoires de l&rsquo;\u00e9quipe en Ligue des Champions F\u00e9minine :<\/p>\n<ul>\n<li>Lors du match du 27\/09\/18 face \u00e0 l&rsquo;Avaldsnes et de l\u2019ouverture du score par l\u2019OL F\u00e9minin\u00a0: <a class=\"link-important\" href=\"https:\/\/www.mycanal.fr\/sport\/amel-majri-ouvre-le-score-pour-lyon-lyon-avaldsnes\/p\/1508556\" target=\"_blank\" rel=\"noopener\">voir la vid\u00e9o<\/a><\/li>\n<li>Lors du match du 27\/09\/18 face \u00e0 l&rsquo;Avaldsnes et du 3<sup>\u00e8me<\/sup> but de l\u2019OL F\u00e9minin\u00a0: <a class=\"link-important\" href=\"https:\/\/www.mycanal.fr\/sport\/le-sommer-pour-le-3-a-0-lyon-avaldsnes\/p\/1508561\" target=\"_blank\" rel=\"noopener\">voir la vid\u00e9o<\/a><\/li>\n<li>Lors du match du 17\/10\/18 face \u00e0 l&rsquo;Ajax Amsterdam et les 4 buts de l&rsquo;OL F\u00e9minin : <a class=\"link-important\" href=\"https:\/\/www.mycanal.fr\/sport\/ligue-des-champions-1-8-emes-de-finale-aller-resume-d-ajax-amsterdam-lyon\/p\/1511464\" target=\"_blank\" rel=\"noopener\">voir la vid\u00e9o<\/a><\/li>\n<\/ul>\n<p>Suivez-nous sur nos r\u00e9seaux sociaux pour tenter de gagner vos places pour les prochains matchs et encourager nos \u00ab\u00a0Lyonnaises\u00a0\u00bb.<\/p>\n<\/div>\n<\/div>\n","protected":false},"excerpt":{"rendered":"<p>En 2018, nous a avons renouvel\u00e9 notre partenariat aupr\u00e8s de l&rsquo;OL F\u00e9minin. Notre logo est pr\u00e9sent sur la face avant du maillot de l&rsquo;UEFA Women&rsquo;s Champions League pour la saison 2018\/2019.<\/p>\n","protected":false},"author":4,"featured_media":0,"comment_status":"open","ping_status":"open","sticky":false,"template":"","format":"standard","meta":{"footnotes":"","_links_to":"","_links_to_target":""},"categories":[144],"tags":[],"class_list":["post-24005","post","type-post","status-publish","format-standard","hentry","category-partenariats"],"_links":{"self":[{"href":"https:\/\/www.sword-group.com\/fr\/wp-json\/wp\/v2\/posts\/24005","targetHints":{"allow":["GET"]}}],"collection":[{"href":"https:\/\/www.sword-group.com\/fr\/wp-json\/wp\/v2\/posts"}],"about":[{"href":"https:\/\/www.sword-group.com\/fr\/wp-json\/wp\/v2\/types\/post"}],"author":[{"embeddable":true,"href":"https:\/\/www.sword-group.com\/fr\/wp-json\/wp\/v2\/users\/4"}],"replies":[{"embeddable":true,"href":"https:\/\/www.sword-group.com\/fr\/wp-json\/wp\/v2\/comments?post=24005"}],"version-history":[{"count":0,"href":"https:\/\/www.sword-group.com\/fr\/wp-json\/wp\/v2\/posts\/24005\/revisions"}],"wp:attachment":[{"href":"https:\/\/www.sword-group.com\/fr\/wp-json\/wp\/v2\/media?parent=24005"}],"wp:term":[{"taxonomy":"category","embeddable":true,"href":"https:\/\/www.sword-group.com\/fr\/wp-json\/wp\/v2\/categories?post=24005"},{"taxonomy":"post_tag","embeddable":true,"href":"https:\/\/www.sword-group.com\/fr\/wp-json\/wp\/v2\/tags?post=24005"}],"curies":[{"name":"wp","href":"https:\/\/api.w.org\/{rel}","templated":true}]}}