{"id":24051,"date":"2019-08-20T11:33:41","date_gmt":"2019-08-20T11:33:41","guid":{"rendered":"https:\/\/swordgroupprod.wpengine.com\/2021\/08\/19\/14-rencontre-avec-gregoire\/"},"modified":"2023-11-13T14:57:14","modified_gmt":"2023-11-13T14:57:14","slug":"14-rencontre-avec-gregoire","status":"publish","type":"post","link":"https:\/\/www.sword-group.com\/fr\/2019\/08\/20\/14-rencontre-avec-gregoire\/","title":{"rendered":"#14 | Rencontre avec Gr\u00e9goire"},"content":{"rendered":"<div class=\"wpb-content-wrapper\"><p>[vc_row][vc_column][vc_column_text]<\/p>\n<div class=\"introduction_content\">\n<h3>Gr\u00e9goire, sur quoi travailles-tu ?<\/h3>\n<p>Au c\u0153ur de l\u2019univers technologique <strong>Microsoft<\/strong>, je suis plut\u00f4t sp\u00e9cialis\u00e9 sur la plateforme <strong>.NET<\/strong> dans son ensemble, <strong>SharePoint<\/strong> par un certain opportunisme, <strong>SQL Server<\/strong> \u00e0 n\u2019en pas douter et <strong>Business Intelligence<\/strong> gr\u00e2ce \u00e0 mon parcours ant\u00e9rieur. Les clients et les missions sont tr\u00e8s diverses, la r\u00e9gion nous permettant de collaborer avec certaines <strong>belles r\u00e9f\u00e9rences<\/strong>.<\/p>\n<\/div>\n<h3><\/h3>\n<h3>Hello Gr\u00e9goire, peux-tu te pr\u00e9senter ?<\/h3>\n<p>J\u2019ai 37 ans, je suis papa de 3 enfants, deux \u00ab grandes \u00bb filles de 14 et 11 ans, et un \u00ab petit \u00bb gar\u00e7on de 5 ans. J\u2019habite en Haute-Savoie, \u00e0 600 m de la fronti\u00e8re suisse et j\u2019exerce principalement \u00e0 Gen\u00e8ve et sur l\u2019arc l\u00e9manique, en tant que <strong>Consultant Senior<\/strong>.<\/p>\n<h3>Tu es arriv\u00e9 chez Sword en 2012, il y a 7 ans, peux-tu nous pr\u00e9senter la Practice Microsoft et ton parcours au sein de l\u2019\u00e9quipe ?<\/h3>\n<p>Le contexte de la soci\u00e9t\u00e9 de services g\u00e9n\u00e8re beaucoup de \u00ab mouvements \u00bb au sens large : organisationnels, technologiques, strat\u00e9giques mais aussi humains. J\u2019ai toujours plaisir \u00e0 retrouver mes coll\u00e8gues du d\u00e9but et \u00e0 rencontrer de nouvelles personnes. Au fil des ann\u00e9es, mon profil s\u2019est renforc\u00e9 plut\u00f4t sur l\u2019expertise technique que sur la gestion de projet par exemple. Je crois pouvoir dire que globalement mes coll\u00e8gues prennent la place et jouent le r\u00f4le qui correspond \u00e0 leurs aspirations assez naturellement.<\/p>\n<h3>Sur quoi travailles-tu ?<\/h3>\n<p>Au c\u0153ur de l\u2019univers technologique <strong>Microsoft<\/strong>, je suis plut\u00f4t sp\u00e9cialis\u00e9 sur la plateforme <strong>.NET<\/strong> dans son ensemble, <strong>SharePoint<\/strong> par un certain opportunisme, <strong>SQL Server<\/strong> \u00e0 n\u2019en pas douter et <strong>Business Intelligence<\/strong> gr\u00e2ce \u00e0 mon parcours ant\u00e9rieur. Les clients et les missions sont tr\u00e8s diverses, la r\u00e9gion nous permettant de collaborer avec certaines <strong>belles r\u00e9f\u00e9rences<\/strong>.<\/p>\n<p>&nbsp;<\/p>\n<h3>Parle nous de l\u2019ambiance dans ta \u00ab Team\u00a0\u00bb\u00a0!<\/h3>\n<p>Avant l\u2019ambiance, j\u2019ai toujours \u00e9t\u00e9 impressionn\u00e9 par la <strong>qualit\u00e9<\/strong> de la plupart des consultants au sein des \u00e9quipes suisses tant sur le plan <strong>technique<\/strong> que dans la <strong>rigueur<\/strong>, un constat probablement li\u00e9 au processus de recrutement. Dans tous les cas, je souligne la <strong>bienveillance<\/strong> et <strong>l\u2019humanit\u00e9<\/strong> de ma hi\u00e9rarchie notamment lors de situations auxquelles j\u2019ai \u00e9t\u00e9 confront\u00e9 \u00e0 titre personnel ! Merci pour cela.<\/p>\n<h3>Peux-tu nous dire quelques mots sur la r\u00e9gion ? Quel est ton avis sur la ville et ses environs ?<\/h3>\n<p>Entre lac et montagne, j\u2019affectionne particuli\u00e8rement la r\u00e9gion dans laquelle je vis. Bien qu\u2019ayant appr\u00e9ci\u00e9 la vie citadine \u00e0 Lyon avant de d\u00e9m\u00e9nager dans la Yaute (Haute-Savoie pour les intimes), je pr\u00e9f\u00e8re aujourd\u2019hui vivre au plus proche de la nature et offrir \u00e0 mes enfants ce cadre de vie. Le potentiel r\u00e9gional est immense.<\/p>\n<h3>Que dirais-tu \u00e0 un candidat pour le convaincre de rejoindre ta Practice ?<\/h3>\n<p><strong>C<\/strong> comme \u00ab <strong>comp\u00e9tence<\/strong> \u00bb : c\u2019est le pr\u00e9requis pour pr\u00e9tendre \u00e0 un poste<br \/>\n<strong>A<\/strong> comme \u00ab <strong>altruisme<\/strong> \u00bb : il favorise le sens du service et l\u2019esprit de groupe<br \/>\n<strong>P<\/strong> comme \u00ab <strong>passion<\/strong> \u00bb : la rigueur de ce m\u00e9tier en requiert une bonne dose<br \/>\nAlors, \u00ab <strong>CAP<\/strong> \u00bb ou pas cap ?<\/p>\n<h3>Le mot de la fin\u00a0?<\/h3>\n<p><em><strong>\u00ab La vie, c\u2019est comme une bicyclette, il faut avancer pour ne pas perdre l\u2019\u00e9quilibre. \u00bb<\/strong> <\/em><br \/>\nAlbert Einstein[\/vc_column_text][\/vc_column][\/vc_row]<\/p>\n<\/div>","protected":false},"excerpt":{"rendered":"<p>D\u00e9couvrez le nouveau SwordZoom \u00e0 propos de Gr\u00e9goire, Consultant Senior dans la Practice Microsoft \u00e0 Gen\u00e8ve (Suisse)<\/p>\n","protected":false},"author":4,"featured_media":36265,"comment_status":"open","ping_status":"open","sticky":false,"template":"","format":"standard","meta":{"footnotes":"","_links_to":"","_links_to_target":""},"categories":[136,391],"tags":[],"class_list":["post-24051","post","type-post","status-publish","format-standard","has-post-thumbnail","hentry","category-carrieres","category-people-at-sword"],"_links":{"self":[{"href":"https:\/\/www.sword-group.com\/fr\/wp-json\/wp\/v2\/posts\/24051","targetHints":{"allow":["GET"]}}],"collection":[{"href":"https:\/\/www.sword-group.com\/fr\/wp-json\/wp\/v2\/posts"}],"about":[{"href":"https:\/\/www.sword-group.com\/fr\/wp-json\/wp\/v2\/types\/post"}],"author":[{"embeddable":true,"href":"https:\/\/www.sword-group.com\/fr\/wp-json\/wp\/v2\/users\/4"}],"replies":[{"embeddable":true,"href":"https:\/\/www.sword-group.com\/fr\/wp-json\/wp\/v2\/comments?post=24051"}],"version-history":[{"count":0,"href":"https:\/\/www.sword-group.com\/fr\/wp-json\/wp\/v2\/posts\/24051\/revisions"}],"wp:featuredmedia":[{"embeddable":true,"href":"https:\/\/www.sword-group.com\/fr\/wp-json\/wp\/v2\/media\/36265"}],"wp:attachment":[{"href":"https:\/\/www.sword-group.com\/fr\/wp-json\/wp\/v2\/media?parent=24051"}],"wp:term":[{"taxonomy":"category","embeddable":true,"href":"https:\/\/www.sword-group.com\/fr\/wp-json\/wp\/v2\/categories?post=24051"},{"taxonomy":"post_tag","embeddable":true,"href":"https:\/\/www.sword-group.com\/fr\/wp-json\/wp\/v2\/tags?post=24051"}],"curies":[{"name":"wp","href":"https:\/\/api.w.org\/{rel}","templated":true}]}}