{"id":24069,"date":"2019-12-16T15:16:31","date_gmt":"2019-12-16T15:16:31","guid":{"rendered":"https:\/\/swordgroupprod.wpengine.com\/2021\/08\/19\/conference-esri-sig-2019-interview-de-maxime-grinfeld\/"},"modified":"2022-12-21T15:32:27","modified_gmt":"2022-12-21T15:32:27","slug":"conference-esri-sig-2019-interview-de-maxime-grinfeld","status":"publish","type":"post","link":"https:\/\/www.sword-group.com\/fr\/2019\/12\/16\/conference-esri-sig-2019-interview-de-maxime-grinfeld\/","title":{"rendered":"Conf\u00e9rence ESRI SIG 2019 | Interview de Maxime Grinfeld"},"content":{"rendered":"<div class=\"introduction_content\">Sur le plateau de <strong>SIG Mag TV<\/strong>, <strong>Maxime Grinfeld<\/strong>, Directeur Commercial de l&rsquo;entit\u00e9 \u00ab\u00a0<strong>Syst\u00e8me Information G\u00e9ographique<\/strong>\u00a0\u00bb de <strong>Sword<\/strong>,\u00a0pr\u00e9sente les diff\u00e9rents axes de d\u00e9veloppement autour d&rsquo;une approche agile en plate-forme.<\/div>\n<p>Dans cette interview, Maxime \u00e9voque les travaux men\u00e9s en Polyn\u00e9sie Fran\u00e7aise en mati\u00e8re de gestion du domaine public, ainsi que l&rsquo;essor du <a href=\"https:\/\/www.sword-group.com\/expertises\/systeme-information-geographique\/\"><strong>MaaS<\/strong><\/a> (Mobility As A Service) notamment avec une premi\u00e8re r\u00e9alisation d&rsquo;ampleur pour\u00a0<a href=\"https:\/\/www.sword-group.com\/news\/vianavigo-la-billettique-est-disponible\/\"><strong>\u00cele-de-France Mobilit\u00e9s<\/strong><\/a> avec la d\u00e9mat\u00e9rialisation du <strong>Pass Navigo<\/strong>.<\/p>\n<p>Entretien r\u00e9alis\u00e9 par <strong>Geoffrey Boyer<\/strong> et <strong>Xavier Fodor<\/strong>.<\/p>\n<p><iframe loading=\"lazy\" src=\"https:\/\/player.vimeo.com\/video\/368456778?title=0&amp;byline=0&amp;portrait=0\" width=\"100%\" height=\"360\" frameborder=\"0\" allowfullscreen=\"allowfullscreen\"><\/iframe><\/p>\n","protected":false},"excerpt":{"rendered":"<p>Sur le plateau de SIG Mag TV, Maxime Grinfeld pr\u00e9sente les diff\u00e9rents axes de d\u00e9veloppement autour d&rsquo;une approche agile en plate-forme.\u00a0<\/p>\n","protected":false},"author":5,"featured_media":0,"comment_status":"open","ping_status":"open","sticky":false,"template":"","format":"standard","meta":{"footnotes":"","_links_to":"","_links_to_target":""},"categories":[139],"tags":[],"class_list":["post-24069","post","type-post","status-publish","format-standard","hentry","category-events"],"_links":{"self":[{"href":"https:\/\/www.sword-group.com\/fr\/wp-json\/wp\/v2\/posts\/24069","targetHints":{"allow":["GET"]}}],"collection":[{"href":"https:\/\/www.sword-group.com\/fr\/wp-json\/wp\/v2\/posts"}],"about":[{"href":"https:\/\/www.sword-group.com\/fr\/wp-json\/wp\/v2\/types\/post"}],"author":[{"embeddable":true,"href":"https:\/\/www.sword-group.com\/fr\/wp-json\/wp\/v2\/users\/5"}],"replies":[{"embeddable":true,"href":"https:\/\/www.sword-group.com\/fr\/wp-json\/wp\/v2\/comments?post=24069"}],"version-history":[{"count":0,"href":"https:\/\/www.sword-group.com\/fr\/wp-json\/wp\/v2\/posts\/24069\/revisions"}],"wp:attachment":[{"href":"https:\/\/www.sword-group.com\/fr\/wp-json\/wp\/v2\/media?parent=24069"}],"wp:term":[{"taxonomy":"category","embeddable":true,"href":"https:\/\/www.sword-group.com\/fr\/wp-json\/wp\/v2\/categories?post=24069"},{"taxonomy":"post_tag","embeddable":true,"href":"https:\/\/www.sword-group.com\/fr\/wp-json\/wp\/v2\/tags?post=24069"}],"curies":[{"name":"wp","href":"https:\/\/api.w.org\/{rel}","templated":true}]}}