{"id":24073,"date":"2020-01-17T10:48:01","date_gmt":"2020-01-17T10:48:01","guid":{"rendered":"https:\/\/swordgroupprod.wpengine.com\/2021\/08\/19\/cem-day-paris-le-23-janvier\/"},"modified":"2022-12-21T15:31:29","modified_gmt":"2022-12-21T15:31:29","slug":"cem-day-paris-le-23-janvier","status":"publish","type":"post","link":"https:\/\/www.sword-group.com\/fr\/2020\/01\/17\/cem-day-paris-le-23-janvier\/","title":{"rendered":"CEM Day | Paris le 23 janvier"},"content":{"rendered":"<div class=\"introduction_title\">\n<h2>Le Customer Journey au c\u0153ur de votre strat\u00e9gie de succ\u00e8s<\/h2>\n<\/div>\n<div class=\"introduction_content\">\n<div class=\"header\">\n<h3 class=\"news-item-title\"><span style=\"font-size: 20px; font-weight: 400;\">Nous sommes heureux de vous convier \u00e0 l&rsquo;\u00c9dition 2020 du\u00a0<\/span><strong style=\"font-size: 20px<\/div>\n<p>Cette journ\u00e9e d\u00e9di\u00e9e au <strong>Customer Experience Management<\/strong>\u00a0sera l&rsquo;occasion\u00a0de pr\u00e9senter les derni\u00e8res innovations techniques de notre partenaire <a href=\"https:\/\/www.opentext.fr\/\" target=\"_blank\" rel=\"noopener\"><strong>OpenText<\/strong><\/a>.\u00a0La nouvelle version <strong>EP7<\/strong> vous sera pr\u00e9sent\u00e9e en avant-premi\u00e8re, avec des <strong>t\u00e9moignages clients<\/strong> et des <strong>d\u00e9monstrations Live<\/strong>.<\/p>\n<p>Rendez-vous sur notre stand pour des pr\u00e9sentations et des \u00e9changes en direct avec nos experts.<\/p>\n<h3>Le programme :<\/h3>\n<ul>\n<li>8h30 | Accueil<\/li>\n<li>9h00 | Conf\u00e9rences et Keynote<\/li>\n<li>12h45 | Cocktail d\u00e9jeunatoire<\/li>\n<li>14h00 | Ateliers technologiques<\/li>\n<li>17h00 | Cocktail de cl\u00f4ture<\/li>\n<\/ul>\n<p style=\"text-align: center;\"><a class=\"link-button\" href=\"https:\/\/resources.opentext.fr\/CEMDay2020\" target=\"_blank\" rel=\"noopener\">INSCRIPTION<\/a><\/p>\n<p><iframe loading=\"lazy\" style=\"border: 0;\" src=\"https:\/\/www.google.com\/maps\/embed?pb=!1m14!1m8!1m3!1d10493.028632480558!2d2.2444025!3d48.8914361!3m2!1i1024!2i768!4f13.1!3m3!1m2!1s0x0%3A0x48b7a2c474ba1d6c!2sCentre%20de%20Conf%C3%A9rences%20Coeur%20D%C3%A9fense!5e0!3m2!1sfr!2sfr!4v1579254100554!5m2!1sfr!2sfr\" width=\"600\" height=\"450\" frameborder=\"0\" allowfullscreen=\"allowfullscreen\"><\/iframe><\/p>\n","protected":false},"excerpt":{"rendered":"<p>Nous sommes heureux de vous convier \u00e0 l&rsquo;\u00c9dition 2020 du\u00a0CEM Day, organis\u00e9e par OpenText, qui aura lieu le jeudi 23 janvier, \u00e0 Paris.\u00a0<\/p>\n","protected":false},"author":5,"featured_media":0,"comment_status":"open","ping_status":"open","sticky":false,"template":"","format":"standard","meta":{"footnotes":"","_links_to":"","_links_to_target":""},"categories":[139],"tags":[],"class_list":["post-24073","post","type-post","status-publish","format-standard","hentry","category-events"],"_links":{"self":[{"href":"https:\/\/www.sword-group.com\/fr\/wp-json\/wp\/v2\/posts\/24073","targetHints":{"allow":["GET"]}}],"collection":[{"href":"https:\/\/www.sword-group.com\/fr\/wp-json\/wp\/v2\/posts"}],"about":[{"href":"https:\/\/www.sword-group.com\/fr\/wp-json\/wp\/v2\/types\/post"}],"author":[{"embeddable":true,"href":"https:\/\/www.sword-group.com\/fr\/wp-json\/wp\/v2\/users\/5"}],"replies":[{"embeddable":true,"href":"https:\/\/www.sword-group.com\/fr\/wp-json\/wp\/v2\/comments?post=24073"}],"version-history":[{"count":0,"href":"https:\/\/www.sword-group.com\/fr\/wp-json\/wp\/v2\/posts\/24073\/revisions"}],"wp:attachment":[{"href":"https:\/\/www.sword-group.com\/fr\/wp-json\/wp\/v2\/media?parent=24073"}],"wp:term":[{"taxonomy":"category","embeddable":true,"href":"https:\/\/www.sword-group.com\/fr\/wp-json\/wp\/v2\/categories?post=24073"},{"taxonomy":"post_tag","embeddable":true,"href":"https:\/\/www.sword-group.com\/fr\/wp-json\/wp\/v2\/tags?post=24073"}],"curies":[{"name":"wp","href":"https:\/\/api.w.org\/{rel}","templated":true}]}}