{"id":24123,"date":"2020-07-09T11:39:13","date_gmt":"2020-07-09T11:39:13","guid":{"rendered":"https:\/\/swordgroupprod.wpengine.com\/2020\/09\/07\/23-rencontre-avec-benjamin\/"},"modified":"2023-11-10T13:21:06","modified_gmt":"2023-11-10T13:21:06","slug":"23-rencontre-avec-benjamin","status":"publish","type":"post","link":"https:\/\/www.sword-group.com\/fr\/2020\/07\/09\/23-rencontre-avec-benjamin\/","title":{"rendered":"#23 | Rencontre avec Benjamin"},"content":{"rendered":"<div class=\"wpb-content-wrapper\"><p>[vc_row][vc_column][vc_column_text]<\/p>\n<div class=\"introduction_content\">Ce mois-ci, nous avons rencontr\u00e9 Benjamin Beaun\u00e9e, Ing\u00e9nieur d&rsquo;\u00e9tudes \u00e0 Lyon. D\u00e9couvrez son interview !<\/div>\n<p>&nbsp;<\/p>\n<h3>Hello Benjamin, peux-tu te pr\u00e9senter ?<\/h3>\n<p>Bonjour, je suis Benjamin j\u2019ai 26 ans et je suis ing\u00e9nieur d\u2019\u00e9tudes chez Sword \u00e0 Lyon.<\/p>\n<p>Je suis originaire de la campagne bourguignonne mais je vis \u00e0 Lyon depuis maintenant 1 an et demi. Je suis passionn\u00e9 de musique \u00e9lectronique et amateur de voyage\u00a0!<\/p>\n<h3>Tu es arriv\u00e9 chez Sword il y a 1 an et demi, peux-tu nous pr\u00e9senter la BU IDL et ton parcours au sein de l\u2019\u00e9quipe ?<\/h3>\n<p>&nbsp;<\/p>\n<p>La BU IDL est sp\u00e9cialis\u00e9e dans la <strong>gestion documentaire<\/strong> et propose des solutions sp\u00e9cialis\u00e9es bas\u00e9es entre autres sur la plateforme <strong>Nuxeo<\/strong>.<\/p>\n<p>\u00c0 mon arriv\u00e9e, j\u2019ai int\u00e9gr\u00e9 l\u2019\u00e9quipe en charge de la maintenance d\u2019une importante application documentaire r\u00e9alis\u00e9e, il y a quelques ann\u00e9es d\u00e9j\u00e0 par IDL, pour le compte d\u2019une<strong> grande administration<\/strong>. Je fais toujours partie de cette \u00e9quipe qui a \u00e9t\u00e9 renforc\u00e9e dans le cadre <strong>d\u2019un projet de refonte technique de l\u2019application.<\/strong><\/p>\n<h3>Sur quoi travailles-tu ?<\/h3>\n<p>Depuis ce d\u00e9but d\u2019ann\u00e9e, le projet de refonte de l\u2019interface utilisateur de l\u2019application est en cours.\u00a0Mon travail est en grande partie de participer \u00e0 la cr\u00e9ation des nouvelles pages et composants pour la nouvelle interface.<\/p>\n<p>Je fais essentiellement du d\u00e9veloppement en langage <strong>java<\/strong> et <strong>html\/css<\/strong>.<\/p>\n<h3>Parle nous de l\u2019ambiance dans ta \u00ab\u00a0team\u00a0\u00bb\u00a0!<\/h3>\n<p>L\u2019ambiance dans l\u2019\u00e9quipe est tr\u00e8s bonne, c\u2019est pour moi le gros point positif chez Sword de mani\u00e8re g\u00e9n\u00e9rale\u00a0!<\/p>\n<p>D\u00e8s mon arriv\u00e9e, j\u2019ai \u00e9t\u00e9 rapidement int\u00e9gr\u00e9 par des personnes tr\u00e8s attentives et disponibles pour me faire progresser et gagner en comp\u00e9tences.<br \/>\nEt en dehors des horaires de travail, nous organisons r\u00e9guli\u00e8rement des pique-niques, des repas ou des ap\u00e9ritifs.<\/p>\n<h3>Peux-tu nous dire quelques mots sur la r\u00e9gion ? Quel est ton avis de nouvel arrivant sur la ville et ses environs ?<\/h3>\n<p>La r\u00e9gion est super\u00a0! Lyon est une tr\u00e8s belle ville avec \u00e9norm\u00e9ment de choses \u00e0 faire\u00a0notamment au niveau culturel.<br \/>\nLa situation g\u00e9ographique de la ville est id\u00e9ale, \u00e0 2 heures de la montagne et de la mer, c\u2019est vraiment appr\u00e9ciable.<\/p>\n<h3>Que dirais-tu \u00e0 un candidat pour le convaincre de rejoindre la BU IDL ?<\/h3>\n<p>IDL est une BU avec beaucoup de gros projets dans des domaines d\u2019activit\u00e9s vari\u00e9s, je pense que c\u2019est un environnement id\u00e9al pour progresser.<br \/>\nAjoutez \u00e0 cela la super ambiance dans les bureaux et vous obtenez le combo parfait, difficile \u00e0 trouver ailleurs.<\/p>\n<h3>Le mot de la fin\u00a0?<\/h3>\n<p>Venez concurrencer mon titre de \u00ab\u00a0<strong>la plus belle moustache de Sword<\/strong>\u00a0\u00bb\u00a0!<\/p>\n<p>[\/vc_column_text][\/vc_column][\/vc_row]<\/p>\n<\/div>","protected":false},"excerpt":{"rendered":"<p>Ce mois-ci, nous avons rencontr\u00e9 Benjamin Beaun\u00e9e, Ing\u00e9nieur d&rsquo;\u00e9tudes \u00e0 Lyon. D\u00e9couvrez son interview !<\/p>\n","protected":false},"author":5,"featured_media":36232,"comment_status":"open","ping_status":"open","sticky":false,"template":"","format":"standard","meta":{"footnotes":"","_links_to":"","_links_to_target":""},"categories":[136,391],"tags":[],"class_list":["post-24123","post","type-post","status-publish","format-standard","has-post-thumbnail","hentry","category-carrieres","category-people-at-sword"],"_links":{"self":[{"href":"https:\/\/www.sword-group.com\/fr\/wp-json\/wp\/v2\/posts\/24123","targetHints":{"allow":["GET"]}}],"collection":[{"href":"https:\/\/www.sword-group.com\/fr\/wp-json\/wp\/v2\/posts"}],"about":[{"href":"https:\/\/www.sword-group.com\/fr\/wp-json\/wp\/v2\/types\/post"}],"author":[{"embeddable":true,"href":"https:\/\/www.sword-group.com\/fr\/wp-json\/wp\/v2\/users\/5"}],"replies":[{"embeddable":true,"href":"https:\/\/www.sword-group.com\/fr\/wp-json\/wp\/v2\/comments?post=24123"}],"version-history":[{"count":0,"href":"https:\/\/www.sword-group.com\/fr\/wp-json\/wp\/v2\/posts\/24123\/revisions"}],"wp:featuredmedia":[{"embeddable":true,"href":"https:\/\/www.sword-group.com\/fr\/wp-json\/wp\/v2\/media\/36232"}],"wp:attachment":[{"href":"https:\/\/www.sword-group.com\/fr\/wp-json\/wp\/v2\/media?parent=24123"}],"wp:term":[{"taxonomy":"category","embeddable":true,"href":"https:\/\/www.sword-group.com\/fr\/wp-json\/wp\/v2\/categories?post=24123"},{"taxonomy":"post_tag","embeddable":true,"href":"https:\/\/www.sword-group.com\/fr\/wp-json\/wp\/v2\/tags?post=24123"}],"curies":[{"name":"wp","href":"https:\/\/api.w.org\/{rel}","templated":true}]}}