{"id":34459,"date":"2024-05-06T09:00:28","date_gmt":"2024-05-06T09:00:28","guid":{"rendered":"https:\/\/www.sword-group.com\/?p=34459"},"modified":"2024-07-12T14:54:17","modified_gmt":"2024-07-12T14:54:17","slug":"lavenir-innovant-de-votre-transformation","status":"publish","type":"post","link":"https:\/\/www.sword-group.com\/fr\/2024\/05\/06\/lavenir-innovant-de-votre-transformation\/","title":{"rendered":"Event | L\u2019IA Microsoft, l\u2019avenir innovant de votre transformation"},"content":{"rendered":"<div class=\"wpb-content-wrapper\"><p>[vc_row heading_color=\u00a0\u00bblight\u00a0\u00bb bg_type=\u00a0\u00bbimage\u00a0\u00bb bg_image=\u00a0\u00bb32349&Prime; bg_image_size=\u00a0\u00bbresponsive\u00a0\u00bb bg_position=\u00a0\u00bbcenter-top\u00a0\u00bb bg_tablet_sm_position=\u00a0\u00bbleft-center\u00a0\u00bb opacity_overlay=\u00a0\u00bb60&Prime; padding_top_multiplier=\u00a0\u00bbcustom\u00a0\u00bb padding_bottom_multiplier=\u00a0\u00bbcustom\u00a0\u00bb columns_gap=\u00a0\u00bb60&Prime; separator_bottom=\u00a0\u00bbtilt-left-separator\u00a0\u00bb font_color=\u00a0\u00bb#000000&Prime; margin_bottom=\u00a0\u00bb0&Prime; padding_top=\u00a0\u00bb0&Prime; padding_bottom=\u00a0\u00bb0&Prime;][vc_column width=\u00a0\u00bb2\/3&Prime; css=\u00a0\u00bb.vc_custom_1643122060444{margin-bottom: 0px !important;}\u00a0\u00bb]<div class=\"grve-empty-space grve-height-1x\" style=\"\"><\/div>[vc_column_text text_style=\u00a0\u00bbleader-text\u00a0\u00bb animation=\u00a0\u00bbgrve-fade-in-up\u00a0\u00bb animation_delay=\u00a0\u00bb400&Prime;]<\/p>\n<h1 style=\"text-align: left;\"><strong><span style=\"color: #ffc423; letter-spacing: -3px;\">&#8212;&#8211;<\/span><\/strong><\/h1>\n<h1 style=\"text-align: left;\"><span style=\"color: #ffffff;\"><b>Event | L\u2019IA Microsoft, l\u2019Avenir Innovant de votre Transformation<br \/>\n<\/b><\/span><\/h1>\n<p>[\/vc_column_text]<div class=\"grve-empty-space\" style=\"height: 150px;\"><\/div>[\/vc_column][vc_column width=\u00a0\u00bb1\/3&Prime;][\/vc_column][\/vc_row][vc_row padding_top_multiplier=\u00a0\u00bb\u00a0\u00bb padding_bottom_multiplier=\u00a0\u00bb2x\u00a0\u00bb columns_gap=\u00a0\u00bb60&Prime;][vc_column width=\u00a0\u00bb1\/6&Prime; tablet_sm_width=\u00a0\u00bbhide\u00a0\u00bb mobile_width=\u00a0\u00bbhide\u00a0\u00bb][\/vc_column][vc_column width=\u00a0\u00bb2\/3&Prime; tablet_sm_width=\u00a0\u00bb1&Prime; font_color=\u00a0\u00bb#000000&Prime;]<div class=\"grve-empty-space grve-height-1x\" style=\"\"><\/div>[vc_column_text text_style=\u00a0\u00bbleader-text\u00a0\u00bb animation=\u00a0\u00bbgrve-fade-in-up\u00a0\u00bb animation_delay=\u00a0\u00bb400&Prime;]<\/p>\n<h1 style=\"text-align: center;\"><strong><span style=\"color: #ffc423; letter-spacing: -3px;\">&#8212;&#8211;<\/span><\/strong><\/h1>\n<p>[\/vc_column_text][vc_row_inner css=\u00a0\u00bb.vc_custom_1675869280532{padding-right: 0px !important;padding-left: 0px !important;}\u00a0\u00bb][vc_column_inner css=\u00a0\u00bb.vc_custom_1675869305372{padding-right: 15% !important;padding-left: 15% !important;}\u00a0\u00bb]<div class=\"grve-element grve-image grve-align-center\" style=\"\">  <div class=\"grve-image-wrapper\"><img loading=\"lazy\" decoding=\"async\" width=\"1006\" height=\"491\" src=\"https:\/\/www.sword-group.com\/wp-content\/uploads\/2023\/02\/tech-up.png\" class=\"attachment-full size-full\" alt=\"\" srcset=\"https:\/\/www.sword-group.com\/wp-content\/uploads\/2023\/02\/tech-up.png 1006w, https:\/\/www.sword-group.com\/wp-content\/uploads\/2023\/02\/tech-up-300x146.png 300w, https:\/\/www.sword-group.com\/wp-content\/uploads\/2023\/02\/tech-up-768x375.png 768w\" sizes=\"auto, (max-width: 1006px) 100vw, 1006px\" \/>   <\/div><\/div>[\/vc_column_inner][\/vc_row_inner][vc_column_text css=\u00a0\u00bb.vc_custom_1714987400035{padding-top: 50px !important;padding-bottom: 0px !important;}\u00a0\u00bb]<\/p>\n<blockquote><p>Nous avons le plaisir de vous inviter \u00e0 notre \u00e9v\u00e9nement <strong>\u00ab\u00a0TechUp\u00a0\u00bb<\/strong> de juin sur le th\u00e8me L\u2019IA Microsoft, l\u2019avenir innovant de votre transformation<strong>\u00a0 !<\/strong><\/p><\/blockquote>\n<p>[\/vc_column_text][vc_row_inner css=\u00a0\u00bb.vc_custom_1675869189740{padding-top: 30px !important;}\u00a0\u00bb][vc_column_inner width=\u00a0\u00bb5\/6&Prime;][vc_column_text css=\u00a0\u00bb.vc_custom_1714987483872{padding-top: 15px !important;padding-bottom: 30px !important;}\u00a0\u00bb]Cet \u00e9v\u00e9nement aura lieu <strong>mardi 11 juin 2024 de 13H45 \u00e0 18h00<\/strong> et sera suivi d&rsquo;un ap\u00e9ritif.[\/vc_column_text][\/vc_column_inner][\/vc_row_inner]<div class=\"grve-empty-space\" style=\"height: 5px;\"><\/div>[vc_column_text css=\u00a0\u00bb.vc_custom_1675869246822{padding-top: 20px !important;padding-bottom: 30px !important;}\u00a0\u00bb]<strong>Agenda et informations sur l&rsquo;\u00e9v\u00e9nement :<\/strong>[\/vc_column_text][vc_row_inner][vc_column_inner width=\u00a0\u00bb1\/2&Prime;][vc_column_text css=\u00a0\u00bb.vc_custom_1714987596957{padding-top: 50px !important;padding-bottom: 30px !important;}\u00a0\u00bb]<\/p>\n<p style=\"text-align: center;\">Lieu | <a href=\"https:\/\/www.google.com\/maps\/place\/Restaurant+Le+Chef\/@46.2306493,6.1076857,15z\/data=!4m6!3m5!1s0x478c64881f2a300d:0x15855aa358dde427!8m2!3d46.2306493!4d6.1076857!16s%2Fg%2F1tjyshvj\">Restaurant Le Chef : Route de l&rsquo;A\u00e9roport 13 1215 Gen\u00e8ve, Suisse<\/a><\/p>\n<p>[\/vc_column_text][\/vc_column_inner][vc_column_inner width=\u00a0\u00bb1\/2&Prime;]<div class=\"grve-element grve-image grve-align-center\" style=\"\">  <div class=\"grve-image-wrapper\"><a href=\"https:\/\/www.google.com\/maps\/place\/Restaurant+Le+Chef\/@46.2306493,6.1076857,15z\/data=!4m6!3m5!1s0x478c64881f2a300d:0x15855aa358dde427!8m2!3d46.2306493!4d6.1076857!16s%2Fg%2F1tjyshvj\" target=\"_blank\" rel=\"noopener noreferrer\"><img loading=\"lazy\" decoding=\"async\" width=\"300\" height=\"212\" src=\"https:\/\/www.sword-group.com\/wp-content\/uploads\/2023\/02\/restaurant-le-chef-map-300x212.jpg\" class=\"attachment-medium size-medium\" alt=\"\" srcset=\"https:\/\/www.sword-group.com\/wp-content\/uploads\/2023\/02\/restaurant-le-chef-map-300x212.jpg 300w, https:\/\/www.sword-group.com\/wp-content\/uploads\/2023\/02\/restaurant-le-chef-map-1024x724.jpg 1024w, https:\/\/www.sword-group.com\/wp-content\/uploads\/2023\/02\/restaurant-le-chef-map-768x543.jpg 768w, https:\/\/www.sword-group.com\/wp-content\/uploads\/2023\/02\/restaurant-le-chef-map.jpg 1168w\" sizes=\"auto, (max-width: 300px) 100vw, 300px\" \/><\/a>   <\/div><\/div>[\/vc_column_inner][\/vc_row_inner][vc_row_inner][vc_column_inner]<div class=\"grve-empty-space\" style=\"height: 10px;\"><\/div>[vc_column_text css=\u00a0\u00bb.vc_custom_1720789909721{padding-top: 50px !important;padding-bottom: 30px !important;}\u00a0\u00bb]<\/p>\n<table style=\"font-size: 16px !important;\" width=\"100%\">\n<tbody>\n<tr>\n<td width=\"220\"><strong>13h45<\/strong><\/td>\n<td><strong>Accueil<\/strong><\/td>\n<\/tr>\n<tr>\n<td><strong>14h00 &#8211; 14h20<br \/>\n<\/strong><strong>Yoan Topenot<\/strong>,<br \/>\n<em>Business Unit Director<\/em><\/td>\n<td><strong>Plongez dans l\u2019univers des solutions d\u2019IA Microsoft<\/strong><\/p>\n<p>Premier pas dans la d\u00e9couverte de la transformation innovante et passionnante de votre avenir avec l\u2019impl\u00e9mentation de la technologie de l\u2019IA Microsoft.<\/td>\n<\/tr>\n<tr>\n<td><strong>14h25 &#8211; 15h15<br \/>\nAnthony Ebener<\/strong>,<br \/>\nBusiness analyst<\/td>\n<td><strong>Identifiez vos cas d\u2019usage pour l\u2019IA <\/strong><\/p>\n<p><span style=\"font-family: inherit; font-size: inherit; font-style: inherit; font-variant-ligatures: inherit; font-variant-caps: inherit; font-weight: inherit;\">Identifier et \u00e9laborer des cas d&rsquo;usage pour l&rsquo;IA est un d\u00e9fi pour de nombreuses entreprises et sp\u00e9cialement pour celles qui d\u00e9butent leur transformation IA. Nous allons vous guider au travers de notre m\u00e9thodologie en 3 \u00e9tapes con\u00e7ue pour vous aider \u00e0 d\u00e9couvrir les cas d&rsquo;usage les plus prometteurs, les \u00e9valuer en termes de faisabilit\u00e9 et de valeur ajout\u00e9e.<\/span><\/td>\n<\/tr>\n<tr>\n<td><strong>15h20 &#8211; 16h10<br \/>\nLisa Wolffhugel<\/strong>,<br \/>\nCloud Solution Architect Data, AI, Sustainability Microsoft Suisse<\/td>\n<td><strong>La donn\u00e9e \u00e0 l&rsquo;\u00e8re de l&rsquo;IA : R\u00e9volutionner l&rsquo;analyse de donn\u00e9es avec Microsoft Fabric et Copilot<\/strong><\/p>\n<p style=\"text-align: left;\">Cette session d\u00e9voilera comment l&rsquo;exploitation strat\u00e9gique des donn\u00e9es est fondamentale dans l&rsquo;application de l&rsquo;IA. Nous explorerons comment les entreprises peuvent tirer parti de leurs donn\u00e9es avec Microsoft Fabric, la nouvelle plateforme analytique de bout en bout int\u00e9grant les services IA et Copilot.<\/p>\n<\/td>\n<\/tr>\n<tr>\n<td><strong>16h15 &#8211; 17h05<br \/>\nMatthieu MEGALY<\/strong>,<br \/>\nPower Platform AI Technical Lead MCT<\/td>\n<td><strong>Infusez de l\u2019IA dans vos solutions avec la Power Platform<\/strong><\/p>\n<p>Microsoft souhaite mettre l\u2019IA \u00e0 la port\u00e9e de tous. Alors, pourquoi pas vous ?D\u00e9couvrons ensemble ce que vous pouvez facilement r\u00e9aliser gr\u00e2ce \u00e0 la Power Platform avec l&rsquo;aide de l&rsquo;IA.<\/td>\n<\/tr>\n<tr>\n<td><strong>17h10 &#8211; 18h00<br \/>\nYves HABERSAAT<\/strong>,<br \/>\nAI Technical Lead<br \/>\nM365 Dev MVP &amp; MCT<\/td>\n<td><strong>Impl\u00e9mentez vos cas d\u2019usage avec l\u2019aide d\u2019Azure OpenAI<\/strong><\/p>\n<p>L\u2019IA peut transformer vos cas d&rsquo;usage en une exp\u00e9rience interactive et innovante. Que vous cherchiez \u00e0 optimiser vos processus d&rsquo;affaires ou \u00e0 cr\u00e9er des chatbots, nous allons vous fournir les connaissances cl\u00e9s et les outils n\u00e9cessaires pour concr\u00e9tiser vos projets avec l&rsquo;aide de la technologie Azure OpenAI.<\/td>\n<\/tr>\n<tr>\n<td><\/td>\n<td><\/td>\n<\/tr>\n<\/tbody>\n<\/table>\n<p><em>Veuillez remplir le formulaire d\u2019inscription ci-apr\u00e8s pour assister \u00e0 cet \u00e9v\u00e9nement (nous nous r\u00e9servons le droit de refuser des inscriptions pour garantir la bonne organisation de cette demi-journ\u00e9e). Vous recevrez une confirmation par email d\u00e8s que votre inscription sera valid\u00e9e.<\/em>[\/vc_column_text][vc_raw_html]JTVCY29udGFjdC1mb3JtLTclMjBpZCUzRCUyMjMzODMyJTIyJTIwdGl0bGUlM0QlMjJUZWNodXBFdmVudDIzTWFyczIwMjMlMjIlNUQ=[\/vc_raw_html][\/vc_column_inner][\/vc_row_inner][\/vc_column][vc_column width=\u00a0\u00bb1\/6&Prime; tablet_sm_width=\u00a0\u00bbhide\u00a0\u00bb mobile_width=\u00a0\u00bbhide\u00a0\u00bb][\/vc_column][\/vc_row]<\/p>\n<\/div>","protected":false},"excerpt":{"rendered":"<p>Nous vous donnons rendez-vous le 11 juin prochain pour un nouvel \u00e9v\u00e9nement TechUp !<\/p>\n","protected":false},"author":3,"featured_media":37041,"comment_status":"closed","ping_status":"open","sticky":false,"template":"","format":"standard","meta":{"footnotes":"","_links_to":"","_links_to_target":""},"categories":[139],"tags":[],"class_list":["post-34459","post","type-post","status-publish","format-standard","has-post-thumbnail","hentry","category-events"],"_links":{"self":[{"href":"https:\/\/www.sword-group.com\/fr\/wp-json\/wp\/v2\/posts\/34459","targetHints":{"allow":["GET"]}}],"collection":[{"href":"https:\/\/www.sword-group.com\/fr\/wp-json\/wp\/v2\/posts"}],"about":[{"href":"https:\/\/www.sword-group.com\/fr\/wp-json\/wp\/v2\/types\/post"}],"author":[{"embeddable":true,"href":"https:\/\/www.sword-group.com\/fr\/wp-json\/wp\/v2\/users\/3"}],"replies":[{"embeddable":true,"href":"https:\/\/www.sword-group.com\/fr\/wp-json\/wp\/v2\/comments?post=34459"}],"version-history":[{"count":0,"href":"https:\/\/www.sword-group.com\/fr\/wp-json\/wp\/v2\/posts\/34459\/revisions"}],"wp:featuredmedia":[{"embeddable":true,"href":"https:\/\/www.sword-group.com\/fr\/wp-json\/wp\/v2\/media\/37041"}],"wp:attachment":[{"href":"https:\/\/www.sword-group.com\/fr\/wp-json\/wp\/v2\/media?parent=34459"}],"wp:term":[{"taxonomy":"category","embeddable":true,"href":"https:\/\/www.sword-group.com\/fr\/wp-json\/wp\/v2\/categories?post=34459"},{"taxonomy":"post_tag","embeddable":true,"href":"https:\/\/www.sword-group.com\/fr\/wp-json\/wp\/v2\/tags?post=34459"}],"curies":[{"name":"wp","href":"https:\/\/api.w.org\/{rel}","templated":true}]}}