{"id":39045,"date":"2025-03-08T00:07:22","date_gmt":"2025-03-08T00:07:22","guid":{"rendered":"https:\/\/www.sword-group.com\/?p=39045"},"modified":"2025-03-08T00:14:34","modified_gmt":"2025-03-08T00:14:34","slug":"engagement-journee-internationale-de-la-femme","status":"publish","type":"post","link":"https:\/\/www.sword-group.com\/fr\/2025\/03\/08\/engagement-journee-internationale-de-la-femme\/","title":{"rendered":"Engagement | Journ\u00e9e internationale de la femme"},"content":{"rendered":"<div class=\"wpb-content-wrapper\"><p>[vc_row bg_type=\u00a0\u00bbimage\u00a0\u00bb bg_image=\u00a0\u00bb16705&Prime; bg_position=\u00a0\u00bbcenter-top\u00a0\u00bb bg_tablet_sm_position=\u00a0\u00bbcenter-top\u00a0\u00bb padding_top_multiplier=\u00a0\u00bb\u00a0\u00bb padding_bottom_multiplier=\u00a0\u00bb\u00a0\u00bb separator_bottom=\u00a0\u00bbtilt-left-separator\u00a0\u00bb][vc_column width=\u00a0\u00bb2\/3&Prime;]<div class=\"grve-empty-space\" style=\"height: 75px;\"><\/div>[vc_column_text css=\u00a0\u00bb\u00a0\u00bb]<\/p>\n<h1><span style=\"color: #ffffff;\">Engagement | Journ\u00e9e internationale de la femme <\/span><\/h1>\n<p>[\/vc_column_text]<div class=\"grve-empty-space\" style=\"height: 300px;\"><\/div>[\/vc_column][vc_column width=\u00a0\u00bb1\/3&Prime;][\/vc_column][\/vc_row][vc_row][vc_column width=\u00a0\u00bb1\/6&Prime;][\/vc_column][vc_column width=\u00a0\u00bb4\/6&Prime;]<div class=\"grve-empty-space\" style=\"height: 35px;\"><\/div>[vc_column_text css=\u00a0\u00bb\u00a0\u00bb]<strong>Nous c\u00e9l\u00e9brons les incroyables contributions de nos employ\u00e9es dans toutes nos divisions \u00e0 travers le monde. <\/strong><\/p>\n<p>Leur engagement et leur d\u00e9vouement nous inspirent chaque jour !<\/p>\n<p>Continuons \u00e0 impulser le changement et \u00e0 #AccelerateAction pour un avenir plus inclusif.<\/p>\n<p>Bonne journ\u00e9e de la femme !<\/p>\n<p><a href=\"https:\/\/youtu.be\/e7Xv_DpC1eU\" target=\"_blank\" rel=\"noopener\">En savoir plus<\/a>[\/vc_column_text][\/vc_column][vc_column width=\u00a0\u00bb1\/6&Prime;][\/vc_column][\/vc_row]<\/p>\n<\/div>","protected":false},"excerpt":{"rendered":"<p>#AccelerateAction, renfor\u00e7ons notre engagement en faveur d&rsquo;une soci\u00e9t\u00e9 plus inclusive et \u00e9quitable !<\/p>\n","protected":false},"author":3,"featured_media":39041,"comment_status":"closed","ping_status":"open","sticky":false,"template":"","format":"standard","meta":{"footnotes":"","_links_to":"","_links_to_target":""},"categories":[136,138],"tags":[],"class_list":["post-39045","post","type-post","status-publish","format-standard","has-post-thumbnail","hentry","category-carrieres","category-chez-sword"],"_links":{"self":[{"href":"https:\/\/www.sword-group.com\/fr\/wp-json\/wp\/v2\/posts\/39045","targetHints":{"allow":["GET"]}}],"collection":[{"href":"https:\/\/www.sword-group.com\/fr\/wp-json\/wp\/v2\/posts"}],"about":[{"href":"https:\/\/www.sword-group.com\/fr\/wp-json\/wp\/v2\/types\/post"}],"author":[{"embeddable":true,"href":"https:\/\/www.sword-group.com\/fr\/wp-json\/wp\/v2\/users\/3"}],"replies":[{"embeddable":true,"href":"https:\/\/www.sword-group.com\/fr\/wp-json\/wp\/v2\/comments?post=39045"}],"version-history":[{"count":0,"href":"https:\/\/www.sword-group.com\/fr\/wp-json\/wp\/v2\/posts\/39045\/revisions"}],"wp:featuredmedia":[{"embeddable":true,"href":"https:\/\/www.sword-group.com\/fr\/wp-json\/wp\/v2\/media\/39041"}],"wp:attachment":[{"href":"https:\/\/www.sword-group.com\/fr\/wp-json\/wp\/v2\/media?parent=39045"}],"wp:term":[{"taxonomy":"category","embeddable":true,"href":"https:\/\/www.sword-group.com\/fr\/wp-json\/wp\/v2\/categories?post=39045"},{"taxonomy":"post_tag","embeddable":true,"href":"https:\/\/www.sword-group.com\/fr\/wp-json\/wp\/v2\/tags?post=39045"}],"curies":[{"name":"wp","href":"https:\/\/api.w.org\/{rel}","templated":true}]}}